{"id":168,"date":"2010-10-13T23:33:58","date_gmt":"2010-10-14T03:33:58","guid":{"rendered":"http:\/\/paccha.gob.ec\/azuay\/?p=168"},"modified":"2014-11-12T18:31:18","modified_gmt":"2014-11-12T22:31:18","slug":"noticia-2","status":"publish","type":"post","link":"https:\/\/paccha.gob.ec\/azuay\/noticia-2\/","title":{"rendered":"Noticia 2"},"content":{"rendered":"<p><img loading=\"lazy\" decoding=\"async\" class=\" alignleft size-full wp-image-167\" style=\"float: left;\" alt=\"varias_-_mayo_190\" src=\"http:\/\/paccha.gob.ec\/azuay\/wp-content\/uploads\/2012\/10\/varias_-_mayo_190.jpg\" height=\"400\" width=\"600\" srcset=\"https:\/\/paccha.gob.ec\/azuay\/wp-content\/uploads\/2012\/10\/varias_-_mayo_190.jpg 1024w, https:\/\/paccha.gob.ec\/azuay\/wp-content\/uploads\/2012\/10\/varias_-_mayo_190-300x200.jpg 300w\" sizes=\"auto, (max-width: 600px) 100vw, 600px\" \/><\/p>\n<p>El fuerte sonido que desde una caracola emite \u00c9dison Cuzme, puntero de la balsa de la comunidad Los Chirijos, daba inicio ayer a un festival que evocaba el pasado del cant\u00f3n Bol\u00edvar sobre la forma de transporte n\u00e1utico que ten\u00edan miles de campesinos en \u00e9pocas de invierno hace ya m\u00e1s de cinco d\u00e9cadas, cuando el fango inundaba las v\u00edas de acceso.<br \/>El sol estaba casi en el cenit del d\u00eda. Se abr\u00eda como flor en todo su esplendor mientras los integrantes de doce agrupaciones part\u00edcipes de esta regata de balsas alistaban los \u00faltimos amarres a sus embarcaciones.<br \/>Jimmy Mac\u00edas ultimaba su balsa con objetos extra\u00f1os para las actuales generaciones, pero indispensables para sus antepasados, como la l\u00e1mpara de petromax, bacinilla hecha con roble, plancha de carb\u00f3n, cucharas de palo, esponja o esponjilla para ba\u00f1arse y, por supuesto, el horno de le\u00f1a improvisado que humear\u00eda a lo largo del r\u00edo.<br \/>Mariano del Jes\u00fas Zambrano, de la comunidad Sarampi\u00f3n, dijo que para armar su balsa necesit\u00f3 una semana, pues debi\u00f3 destinar junto a sus compa\u00f1eros unos $ 300 para comprar balsa, ca\u00f1a y adecuarla casi a la usanza de sus antepasados.<\/p>\n","protected":false},"excerpt":{"rendered":"<p>El fuerte sonido que desde una caracola emite \u00c9dison Cuzme, puntero de la balsa de la comunidad Los Chirijos, daba inicio ayer a un festival que evocaba el pasado del cant\u00f3n Bol\u00edvar sobre la forma de transporte n\u00e1utico que ten\u00edan miles de campesinos en \u00e9pocas de invierno hace ya m\u00e1s de cinco d\u00e9cadas, cuando el [&hellip;]<\/p>\n","protected":false},"author":6,"featured_media":167,"comment_status":"closed","ping_status":"closed","sticky":false,"template":"","format":"standard","meta":{"footnotes":""},"categories":[13],"tags":[],"class_list":["post-168","post","type-post","status-publish","format-standard","has-post-thumbnail","hentry","category-c1-latest"],"yoast_head":"<!-- This site is optimized with the Yoast SEO plugin v24.1 - https:\/\/yoast.com\/wordpress\/plugins\/seo\/ -->\n<title>Noticia 2 - GAD Parroquial de Paccha<\/title>\n<meta name=\"robots\" content=\"index, follow, max-snippet:-1, max-image-preview:large, max-video-preview:-1\" \/>\n<link rel=\"canonical\" href=\"https:\/\/paccha.gob.ec\/azuay\/noticia-2\/\" \/>\n<meta property=\"og:locale\" content=\"es_ES\" \/>\n<meta property=\"og:type\" content=\"article\" \/>\n<meta property=\"og:title\" content=\"Noticia 2 - GAD Parroquial de Paccha\" \/>\n<meta property=\"og:description\" content=\"El fuerte sonido que desde una caracola emite \u00c9dison Cuzme, puntero de la balsa de la comunidad Los Chirijos, daba inicio ayer a un festival que evocaba el pasado del cant\u00f3n Bol\u00edvar sobre la forma de transporte n\u00e1utico que ten\u00edan miles de campesinos en \u00e9pocas de invierno hace ya m\u00e1s de cinco d\u00e9cadas, cuando el [&hellip;]\" \/>\n<meta property=\"og:url\" content=\"https:\/\/paccha.gob.ec\/azuay\/noticia-2\/\" \/>\n<meta property=\"og:site_name\" content=\"GAD Parroquial de Paccha\" \/>\n<meta property=\"article:published_time\" content=\"2010-10-14T03:33:58+00:00\" \/>\n<meta property=\"article:modified_time\" content=\"2014-11-12T22:31:18+00:00\" \/>\n<meta property=\"og:image\" content=\"https:\/\/paccha.gob.ec\/azuay\/wp-content\/uploads\/2012\/10\/varias_-_mayo_190.jpg\" \/>\n\t<meta property=\"og:image:width\" content=\"1024\" \/>\n\t<meta property=\"og:image:height\" content=\"683\" \/>\n\t<meta property=\"og:image:type\" content=\"image\/jpeg\" \/>\n<meta name=\"author\" content=\"apaccha\" \/>\n<meta name=\"twitter:card\" content=\"summary_large_image\" \/>\n<meta name=\"twitter:label1\" content=\"Escrito por\" \/>\n\t<meta name=\"twitter:data1\" content=\"apaccha\" \/>\n\t<meta name=\"twitter:label2\" content=\"Tiempo de lectura\" \/>\n\t<meta name=\"twitter:data2\" content=\"1 minuto\" \/>\n<script type=\"application\/ld+json\" class=\"yoast-schema-graph\">{\"@context\":\"https:\/\/schema.org\",\"@graph\":[{\"@type\":\"Article\",\"@id\":\"https:\/\/paccha.gob.ec\/azuay\/noticia-2\/#article\",\"isPartOf\":{\"@id\":\"https:\/\/paccha.gob.ec\/azuay\/noticia-2\/\"},\"author\":{\"name\":\"apaccha\",\"@id\":\"https:\/\/paccha.gob.ec\/azuay\/#\/schema\/person\/1b924467425b3879611b2f92269ec68d\"},\"headline\":\"Noticia 2\",\"datePublished\":\"2010-10-14T03:33:58+00:00\",\"dateModified\":\"2014-11-12T22:31:18+00:00\",\"mainEntityOfPage\":{\"@id\":\"https:\/\/paccha.gob.ec\/azuay\/noticia-2\/\"},\"wordCount\":210,\"publisher\":{\"@id\":\"https:\/\/paccha.gob.ec\/azuay\/#organization\"},\"image\":{\"@id\":\"https:\/\/paccha.gob.ec\/azuay\/noticia-2\/#primaryimage\"},\"thumbnailUrl\":\"https:\/\/paccha.gob.ec\/azuay\/wp-content\/uploads\/2012\/10\/varias_-_mayo_190.jpg\",\"articleSection\":[\"Latest\"],\"inLanguage\":\"es\"},{\"@type\":\"WebPage\",\"@id\":\"https:\/\/paccha.gob.ec\/azuay\/noticia-2\/\",\"url\":\"https:\/\/paccha.gob.ec\/azuay\/noticia-2\/\",\"name\":\"Noticia 2 - GAD Parroquial de Paccha\",\"isPartOf\":{\"@id\":\"https:\/\/paccha.gob.ec\/azuay\/#website\"},\"primaryImageOfPage\":{\"@id\":\"https:\/\/paccha.gob.ec\/azuay\/noticia-2\/#primaryimage\"},\"image\":{\"@id\":\"https:\/\/paccha.gob.ec\/azuay\/noticia-2\/#primaryimage\"},\"thumbnailUrl\":\"https:\/\/paccha.gob.ec\/azuay\/wp-content\/uploads\/2012\/10\/varias_-_mayo_190.jpg\",\"datePublished\":\"2010-10-14T03:33:58+00:00\",\"dateModified\":\"2014-11-12T22:31:18+00:00\",\"breadcrumb\":{\"@id\":\"https:\/\/paccha.gob.ec\/azuay\/noticia-2\/#breadcrumb\"},\"inLanguage\":\"es\",\"potentialAction\":[{\"@type\":\"ReadAction\",\"target\":[\"https:\/\/paccha.gob.ec\/azuay\/noticia-2\/\"]}]},{\"@type\":\"ImageObject\",\"inLanguage\":\"es\",\"@id\":\"https:\/\/paccha.gob.ec\/azuay\/noticia-2\/#primaryimage\",\"url\":\"https:\/\/paccha.gob.ec\/azuay\/wp-content\/uploads\/2012\/10\/varias_-_mayo_190.jpg\",\"contentUrl\":\"https:\/\/paccha.gob.ec\/azuay\/wp-content\/uploads\/2012\/10\/varias_-_mayo_190.jpg\",\"width\":1024,\"height\":683,\"caption\":\"varias_-_mayo_190\"},{\"@type\":\"BreadcrumbList\",\"@id\":\"https:\/\/paccha.gob.ec\/azuay\/noticia-2\/#breadcrumb\",\"itemListElement\":[{\"@type\":\"ListItem\",\"position\":1,\"name\":\"Home\",\"item\":\"https:\/\/paccha.gob.ec\/azuay\/\"},{\"@type\":\"ListItem\",\"position\":2,\"name\":\"Noticia 2\"}]},{\"@type\":\"WebSite\",\"@id\":\"https:\/\/paccha.gob.ec\/azuay\/#website\",\"url\":\"https:\/\/paccha.gob.ec\/azuay\/\",\"name\":\"GAD Parroquial de Paccha\",\"description\":\"Sitio Oficial del GAD Parroquial Paccha Azuay\",\"publisher\":{\"@id\":\"https:\/\/paccha.gob.ec\/azuay\/#organization\"},\"potentialAction\":[{\"@type\":\"SearchAction\",\"target\":{\"@type\":\"EntryPoint\",\"urlTemplate\":\"https:\/\/paccha.gob.ec\/azuay\/?s={search_term_string}\"},\"query-input\":{\"@type\":\"PropertyValueSpecification\",\"valueRequired\":true,\"valueName\":\"search_term_string\"}}],\"inLanguage\":\"es\"},{\"@type\":\"Organization\",\"@id\":\"https:\/\/paccha.gob.ec\/azuay\/#organization\",\"name\":\"GAD parroquial de Paccha\",\"url\":\"https:\/\/paccha.gob.ec\/azuay\/\",\"logo\":{\"@type\":\"ImageObject\",\"inLanguage\":\"es\",\"@id\":\"https:\/\/paccha.gob.ec\/azuay\/#\/schema\/logo\/image\/\",\"url\":\"https:\/\/paccha.gob.ec\/azuay\/wp-content\/uploads\/2020\/06\/logoFooter.png\",\"contentUrl\":\"https:\/\/paccha.gob.ec\/azuay\/wp-content\/uploads\/2020\/06\/logoFooter.png\",\"width\":200,\"height\":150,\"caption\":\"GAD parroquial de Paccha\"},\"image\":{\"@id\":\"https:\/\/paccha.gob.ec\/azuay\/#\/schema\/logo\/image\/\"}},{\"@type\":\"Person\",\"@id\":\"https:\/\/paccha.gob.ec\/azuay\/#\/schema\/person\/1b924467425b3879611b2f92269ec68d\",\"name\":\"apaccha\",\"image\":{\"@type\":\"ImageObject\",\"inLanguage\":\"es\",\"@id\":\"https:\/\/paccha.gob.ec\/azuay\/#\/schema\/person\/image\/\",\"url\":\"https:\/\/secure.gravatar.com\/avatar\/4849cead80a540a505e4f16b1e4cbabb?s=96&d=mm&r=g\",\"contentUrl\":\"https:\/\/secure.gravatar.com\/avatar\/4849cead80a540a505e4f16b1e4cbabb?s=96&d=mm&r=g\",\"caption\":\"apaccha\"},\"url\":\"https:\/\/paccha.gob.ec\/azuay\/author\/apaccha\/\"}]}<\/script>\n<!-- \/ Yoast SEO plugin. -->","yoast_head_json":{"title":"Noticia 2 - GAD Parroquial de Paccha","robots":{"index":"index","follow":"follow","max-snippet":"max-snippet:-1","max-image-preview":"max-image-preview:large","max-video-preview":"max-video-preview:-1"},"canonical":"https:\/\/paccha.gob.ec\/azuay\/noticia-2\/","og_locale":"es_ES","og_type":"article","og_title":"Noticia 2 - GAD Parroquial de Paccha","og_description":"El fuerte sonido que desde una caracola emite \u00c9dison Cuzme, puntero de la balsa de la comunidad Los Chirijos, daba inicio ayer a un festival que evocaba el pasado del cant\u00f3n Bol\u00edvar sobre la forma de transporte n\u00e1utico que ten\u00edan miles de campesinos en \u00e9pocas de invierno hace ya m\u00e1s de cinco d\u00e9cadas, cuando el [&hellip;]","og_url":"https:\/\/paccha.gob.ec\/azuay\/noticia-2\/","og_site_name":"GAD Parroquial de Paccha","article_published_time":"2010-10-14T03:33:58+00:00","article_modified_time":"2014-11-12T22:31:18+00:00","og_image":[{"width":1024,"height":683,"url":"https:\/\/paccha.gob.ec\/azuay\/wp-content\/uploads\/2012\/10\/varias_-_mayo_190.jpg","type":"image\/jpeg"}],"author":"apaccha","twitter_card":"summary_large_image","twitter_misc":{"Escrito por":"apaccha","Tiempo de lectura":"1 minuto"},"schema":{"@context":"https:\/\/schema.org","@graph":[{"@type":"Article","@id":"https:\/\/paccha.gob.ec\/azuay\/noticia-2\/#article","isPartOf":{"@id":"https:\/\/paccha.gob.ec\/azuay\/noticia-2\/"},"author":{"name":"apaccha","@id":"https:\/\/paccha.gob.ec\/azuay\/#\/schema\/person\/1b924467425b3879611b2f92269ec68d"},"headline":"Noticia 2","datePublished":"2010-10-14T03:33:58+00:00","dateModified":"2014-11-12T22:31:18+00:00","mainEntityOfPage":{"@id":"https:\/\/paccha.gob.ec\/azuay\/noticia-2\/"},"wordCount":210,"publisher":{"@id":"https:\/\/paccha.gob.ec\/azuay\/#organization"},"image":{"@id":"https:\/\/paccha.gob.ec\/azuay\/noticia-2\/#primaryimage"},"thumbnailUrl":"https:\/\/paccha.gob.ec\/azuay\/wp-content\/uploads\/2012\/10\/varias_-_mayo_190.jpg","articleSection":["Latest"],"inLanguage":"es"},{"@type":"WebPage","@id":"https:\/\/paccha.gob.ec\/azuay\/noticia-2\/","url":"https:\/\/paccha.gob.ec\/azuay\/noticia-2\/","name":"Noticia 2 - GAD Parroquial de Paccha","isPartOf":{"@id":"https:\/\/paccha.gob.ec\/azuay\/#website"},"primaryImageOfPage":{"@id":"https:\/\/paccha.gob.ec\/azuay\/noticia-2\/#primaryimage"},"image":{"@id":"https:\/\/paccha.gob.ec\/azuay\/noticia-2\/#primaryimage"},"thumbnailUrl":"https:\/\/paccha.gob.ec\/azuay\/wp-content\/uploads\/2012\/10\/varias_-_mayo_190.jpg","datePublished":"2010-10-14T03:33:58+00:00","dateModified":"2014-11-12T22:31:18+00:00","breadcrumb":{"@id":"https:\/\/paccha.gob.ec\/azuay\/noticia-2\/#breadcrumb"},"inLanguage":"es","potentialAction":[{"@type":"ReadAction","target":["https:\/\/paccha.gob.ec\/azuay\/noticia-2\/"]}]},{"@type":"ImageObject","inLanguage":"es","@id":"https:\/\/paccha.gob.ec\/azuay\/noticia-2\/#primaryimage","url":"https:\/\/paccha.gob.ec\/azuay\/wp-content\/uploads\/2012\/10\/varias_-_mayo_190.jpg","contentUrl":"https:\/\/paccha.gob.ec\/azuay\/wp-content\/uploads\/2012\/10\/varias_-_mayo_190.jpg","width":1024,"height":683,"caption":"varias_-_mayo_190"},{"@type":"BreadcrumbList","@id":"https:\/\/paccha.gob.ec\/azuay\/noticia-2\/#breadcrumb","itemListElement":[{"@type":"ListItem","position":1,"name":"Home","item":"https:\/\/paccha.gob.ec\/azuay\/"},{"@type":"ListItem","position":2,"name":"Noticia 2"}]},{"@type":"WebSite","@id":"https:\/\/paccha.gob.ec\/azuay\/#website","url":"https:\/\/paccha.gob.ec\/azuay\/","name":"GAD Parroquial de Paccha","description":"Sitio Oficial del GAD Parroquial Paccha Azuay","publisher":{"@id":"https:\/\/paccha.gob.ec\/azuay\/#organization"},"potentialAction":[{"@type":"SearchAction","target":{"@type":"EntryPoint","urlTemplate":"https:\/\/paccha.gob.ec\/azuay\/?s={search_term_string}"},"query-input":{"@type":"PropertyValueSpecification","valueRequired":true,"valueName":"search_term_string"}}],"inLanguage":"es"},{"@type":"Organization","@id":"https:\/\/paccha.gob.ec\/azuay\/#organization","name":"GAD parroquial de Paccha","url":"https:\/\/paccha.gob.ec\/azuay\/","logo":{"@type":"ImageObject","inLanguage":"es","@id":"https:\/\/paccha.gob.ec\/azuay\/#\/schema\/logo\/image\/","url":"https:\/\/paccha.gob.ec\/azuay\/wp-content\/uploads\/2020\/06\/logoFooter.png","contentUrl":"https:\/\/paccha.gob.ec\/azuay\/wp-content\/uploads\/2020\/06\/logoFooter.png","width":200,"height":150,"caption":"GAD parroquial de Paccha"},"image":{"@id":"https:\/\/paccha.gob.ec\/azuay\/#\/schema\/logo\/image\/"}},{"@type":"Person","@id":"https:\/\/paccha.gob.ec\/azuay\/#\/schema\/person\/1b924467425b3879611b2f92269ec68d","name":"apaccha","image":{"@type":"ImageObject","inLanguage":"es","@id":"https:\/\/paccha.gob.ec\/azuay\/#\/schema\/person\/image\/","url":"https:\/\/secure.gravatar.com\/avatar\/4849cead80a540a505e4f16b1e4cbabb?s=96&d=mm&r=g","contentUrl":"https:\/\/secure.gravatar.com\/avatar\/4849cead80a540a505e4f16b1e4cbabb?s=96&d=mm&r=g","caption":"apaccha"},"url":"https:\/\/paccha.gob.ec\/azuay\/author\/apaccha\/"}]}},"_links":{"self":[{"href":"https:\/\/paccha.gob.ec\/azuay\/wp-json\/wp\/v2\/posts\/168","targetHints":{"allow":["GET"]}}],"collection":[{"href":"https:\/\/paccha.gob.ec\/azuay\/wp-json\/wp\/v2\/posts"}],"about":[{"href":"https:\/\/paccha.gob.ec\/azuay\/wp-json\/wp\/v2\/types\/post"}],"author":[{"embeddable":true,"href":"https:\/\/paccha.gob.ec\/azuay\/wp-json\/wp\/v2\/users\/6"}],"replies":[{"embeddable":true,"href":"https:\/\/paccha.gob.ec\/azuay\/wp-json\/wp\/v2\/comments?post=168"}],"version-history":[{"count":1,"href":"https:\/\/paccha.gob.ec\/azuay\/wp-json\/wp\/v2\/posts\/168\/revisions"}],"predecessor-version":[{"id":201,"href":"https:\/\/paccha.gob.ec\/azuay\/wp-json\/wp\/v2\/posts\/168\/revisions\/201"}],"wp:featuredmedia":[{"embeddable":true,"href":"https:\/\/paccha.gob.ec\/azuay\/wp-json\/wp\/v2\/media\/167"}],"wp:attachment":[{"href":"https:\/\/paccha.gob.ec\/azuay\/wp-json\/wp\/v2\/media?parent=168"}],"wp:term":[{"taxonomy":"category","embeddable":true,"href":"https:\/\/paccha.gob.ec\/azuay\/wp-json\/wp\/v2\/categories?post=168"},{"taxonomy":"post_tag","embeddable":true,"href":"https:\/\/paccha.gob.ec\/azuay\/wp-json\/wp\/v2\/tags?post=168"}],"curies":[{"name":"wp","href":"https:\/\/api.w.org\/{rel}","templated":true}]}}