{"id":170,"date":"2010-10-13T23:39:42","date_gmt":"2010-10-14T03:39:42","guid":{"rendered":"http:\/\/paccha.gob.ec\/azuay\/?p=170"},"modified":"2014-11-12T18:31:10","modified_gmt":"2014-11-12T22:31:10","slug":"noticia-3","status":"publish","type":"post","link":"https:\/\/paccha.gob.ec\/azuay\/noticia-3\/","title":{"rendered":"Noticia 3"},"content":{"rendered":"<p> \t<img loading=\"lazy\" decoding=\"async\" class=\" alignleft size-full wp-image-169\" alt=\"cne_manabi\" height=\"344\" src=\"http:\/\/paccha.gob.ec\/azuay\/wp-content\/uploads\/2012\/10\/cne_manabi.jpg\" style=\"float: left;\" width=\"516\" srcset=\"https:\/\/paccha.gob.ec\/azuay\/wp-content\/uploads\/2012\/10\/cne_manabi.jpg 1024w, https:\/\/paccha.gob.ec\/azuay\/wp-content\/uploads\/2012\/10\/cne_manabi-300x199.jpg 300w\" sizes=\"auto, (max-width: 516px) 100vw, 516px\" \/>Hasta media semana s\u00f3lo hab\u00edan 50 uniformados: ahora en la delegaci\u00f3n electoral de Manab\u00ed con sede en Portoviejo hay polic\u00edas y militares en la entrada, en el ingreso al pleno, en el balc\u00f3n y en las escaleras.<\/p>\n","protected":false},"excerpt":{"rendered":"<p>Hasta media semana s\u00f3lo hab\u00edan 50 uniformados: ahora en la delegaci\u00f3n electoral de Manab\u00ed con sede en Portoviejo hay polic\u00edas y militares en la entrada, en el ingreso al pleno, en el balc\u00f3n y en las escaleras.<\/p>\n","protected":false},"author":6,"featured_media":169,"comment_status":"closed","ping_status":"closed","sticky":false,"template":"","format":"standard","meta":{"footnotes":""},"categories":[34],"tags":[],"class_list":["post-170","post","type-post","status-publish","format-standard","has-post-thumbnail","hentry","category-c32-gadgets"],"yoast_head":"<!-- This site is optimized with the Yoast SEO plugin v24.1 - https:\/\/yoast.com\/wordpress\/plugins\/seo\/ -->\n<title>Noticia 3 - GAD Parroquial de Paccha<\/title>\n<meta name=\"robots\" content=\"index, follow, max-snippet:-1, max-image-preview:large, max-video-preview:-1\" \/>\n<link rel=\"canonical\" href=\"https:\/\/paccha.gob.ec\/azuay\/noticia-3\/\" \/>\n<meta property=\"og:locale\" content=\"es_ES\" \/>\n<meta property=\"og:type\" content=\"article\" \/>\n<meta property=\"og:title\" content=\"Noticia 3 - GAD Parroquial de Paccha\" \/>\n<meta property=\"og:description\" content=\"Hasta media semana s\u00f3lo hab\u00edan 50 uniformados: ahora en la delegaci\u00f3n electoral de Manab\u00ed con sede en Portoviejo hay polic\u00edas y militares en la entrada, en el ingreso al pleno, en el balc\u00f3n y en las escaleras.\" \/>\n<meta property=\"og:url\" content=\"https:\/\/paccha.gob.ec\/azuay\/noticia-3\/\" \/>\n<meta property=\"og:site_name\" content=\"GAD Parroquial de Paccha\" \/>\n<meta property=\"article:published_time\" content=\"2010-10-14T03:39:42+00:00\" \/>\n<meta property=\"article:modified_time\" content=\"2014-11-12T22:31:10+00:00\" \/>\n<meta property=\"og:image\" content=\"https:\/\/paccha.gob.ec\/azuay\/wp-content\/uploads\/2012\/10\/cne_manabi.jpg\" \/>\n\t<meta property=\"og:image:width\" content=\"1024\" \/>\n\t<meta property=\"og:image:height\" content=\"682\" \/>\n\t<meta property=\"og:image:type\" content=\"image\/jpeg\" \/>\n<meta name=\"author\" content=\"apaccha\" \/>\n<meta name=\"twitter:card\" content=\"summary_large_image\" \/>\n<meta name=\"twitter:label1\" content=\"Escrito por\" \/>\n\t<meta name=\"twitter:data1\" content=\"apaccha\" \/>\n<script type=\"application\/ld+json\" class=\"yoast-schema-graph\">{\"@context\":\"https:\/\/schema.org\",\"@graph\":[{\"@type\":\"Article\",\"@id\":\"https:\/\/paccha.gob.ec\/azuay\/noticia-3\/#article\",\"isPartOf\":{\"@id\":\"https:\/\/paccha.gob.ec\/azuay\/noticia-3\/\"},\"author\":{\"name\":\"apaccha\",\"@id\":\"https:\/\/paccha.gob.ec\/azuay\/#\/schema\/person\/1b924467425b3879611b2f92269ec68d\"},\"headline\":\"Noticia 3\",\"datePublished\":\"2010-10-14T03:39:42+00:00\",\"dateModified\":\"2014-11-12T22:31:10+00:00\",\"mainEntityOfPage\":{\"@id\":\"https:\/\/paccha.gob.ec\/azuay\/noticia-3\/\"},\"wordCount\":42,\"publisher\":{\"@id\":\"https:\/\/paccha.gob.ec\/azuay\/#organization\"},\"image\":{\"@id\":\"https:\/\/paccha.gob.ec\/azuay\/noticia-3\/#primaryimage\"},\"thumbnailUrl\":\"https:\/\/paccha.gob.ec\/azuay\/wp-content\/uploads\/2012\/10\/cne_manabi.jpg\",\"articleSection\":[\"Gadgets\"],\"inLanguage\":\"es\"},{\"@type\":\"WebPage\",\"@id\":\"https:\/\/paccha.gob.ec\/azuay\/noticia-3\/\",\"url\":\"https:\/\/paccha.gob.ec\/azuay\/noticia-3\/\",\"name\":\"Noticia 3 - GAD Parroquial de Paccha\",\"isPartOf\":{\"@id\":\"https:\/\/paccha.gob.ec\/azuay\/#website\"},\"primaryImageOfPage\":{\"@id\":\"https:\/\/paccha.gob.ec\/azuay\/noticia-3\/#primaryimage\"},\"image\":{\"@id\":\"https:\/\/paccha.gob.ec\/azuay\/noticia-3\/#primaryimage\"},\"thumbnailUrl\":\"https:\/\/paccha.gob.ec\/azuay\/wp-content\/uploads\/2012\/10\/cne_manabi.jpg\",\"datePublished\":\"2010-10-14T03:39:42+00:00\",\"dateModified\":\"2014-11-12T22:31:10+00:00\",\"breadcrumb\":{\"@id\":\"https:\/\/paccha.gob.ec\/azuay\/noticia-3\/#breadcrumb\"},\"inLanguage\":\"es\",\"potentialAction\":[{\"@type\":\"ReadAction\",\"target\":[\"https:\/\/paccha.gob.ec\/azuay\/noticia-3\/\"]}]},{\"@type\":\"ImageObject\",\"inLanguage\":\"es\",\"@id\":\"https:\/\/paccha.gob.ec\/azuay\/noticia-3\/#primaryimage\",\"url\":\"https:\/\/paccha.gob.ec\/azuay\/wp-content\/uploads\/2012\/10\/cne_manabi.jpg\",\"contentUrl\":\"https:\/\/paccha.gob.ec\/azuay\/wp-content\/uploads\/2012\/10\/cne_manabi.jpg\",\"width\":1024,\"height\":682,\"caption\":\"cne_manabi\"},{\"@type\":\"BreadcrumbList\",\"@id\":\"https:\/\/paccha.gob.ec\/azuay\/noticia-3\/#breadcrumb\",\"itemListElement\":[{\"@type\":\"ListItem\",\"position\":1,\"name\":\"Home\",\"item\":\"https:\/\/paccha.gob.ec\/azuay\/\"},{\"@type\":\"ListItem\",\"position\":2,\"name\":\"Noticia 3\"}]},{\"@type\":\"WebSite\",\"@id\":\"https:\/\/paccha.gob.ec\/azuay\/#website\",\"url\":\"https:\/\/paccha.gob.ec\/azuay\/\",\"name\":\"GAD Parroquial de Paccha\",\"description\":\"Sitio Oficial del GAD Parroquial Paccha Azuay\",\"publisher\":{\"@id\":\"https:\/\/paccha.gob.ec\/azuay\/#organization\"},\"potentialAction\":[{\"@type\":\"SearchAction\",\"target\":{\"@type\":\"EntryPoint\",\"urlTemplate\":\"https:\/\/paccha.gob.ec\/azuay\/?s={search_term_string}\"},\"query-input\":{\"@type\":\"PropertyValueSpecification\",\"valueRequired\":true,\"valueName\":\"search_term_string\"}}],\"inLanguage\":\"es\"},{\"@type\":\"Organization\",\"@id\":\"https:\/\/paccha.gob.ec\/azuay\/#organization\",\"name\":\"GAD parroquial de Paccha\",\"url\":\"https:\/\/paccha.gob.ec\/azuay\/\",\"logo\":{\"@type\":\"ImageObject\",\"inLanguage\":\"es\",\"@id\":\"https:\/\/paccha.gob.ec\/azuay\/#\/schema\/logo\/image\/\",\"url\":\"https:\/\/paccha.gob.ec\/azuay\/wp-content\/uploads\/2020\/06\/logoFooter.png\",\"contentUrl\":\"https:\/\/paccha.gob.ec\/azuay\/wp-content\/uploads\/2020\/06\/logoFooter.png\",\"width\":200,\"height\":150,\"caption\":\"GAD parroquial de Paccha\"},\"image\":{\"@id\":\"https:\/\/paccha.gob.ec\/azuay\/#\/schema\/logo\/image\/\"}},{\"@type\":\"Person\",\"@id\":\"https:\/\/paccha.gob.ec\/azuay\/#\/schema\/person\/1b924467425b3879611b2f92269ec68d\",\"name\":\"apaccha\",\"image\":{\"@type\":\"ImageObject\",\"inLanguage\":\"es\",\"@id\":\"https:\/\/paccha.gob.ec\/azuay\/#\/schema\/person\/image\/\",\"url\":\"https:\/\/secure.gravatar.com\/avatar\/4849cead80a540a505e4f16b1e4cbabb?s=96&d=mm&r=g\",\"contentUrl\":\"https:\/\/secure.gravatar.com\/avatar\/4849cead80a540a505e4f16b1e4cbabb?s=96&d=mm&r=g\",\"caption\":\"apaccha\"},\"url\":\"https:\/\/paccha.gob.ec\/azuay\/author\/apaccha\/\"}]}<\/script>\n<!-- \/ Yoast SEO plugin. -->","yoast_head_json":{"title":"Noticia 3 - GAD Parroquial de Paccha","robots":{"index":"index","follow":"follow","max-snippet":"max-snippet:-1","max-image-preview":"max-image-preview:large","max-video-preview":"max-video-preview:-1"},"canonical":"https:\/\/paccha.gob.ec\/azuay\/noticia-3\/","og_locale":"es_ES","og_type":"article","og_title":"Noticia 3 - GAD Parroquial de Paccha","og_description":"Hasta media semana s\u00f3lo hab\u00edan 50 uniformados: ahora en la delegaci\u00f3n electoral de Manab\u00ed con sede en Portoviejo hay polic\u00edas y militares en la entrada, en el ingreso al pleno, en el balc\u00f3n y en las escaleras.","og_url":"https:\/\/paccha.gob.ec\/azuay\/noticia-3\/","og_site_name":"GAD Parroquial de Paccha","article_published_time":"2010-10-14T03:39:42+00:00","article_modified_time":"2014-11-12T22:31:10+00:00","og_image":[{"width":1024,"height":682,"url":"https:\/\/paccha.gob.ec\/azuay\/wp-content\/uploads\/2012\/10\/cne_manabi.jpg","type":"image\/jpeg"}],"author":"apaccha","twitter_card":"summary_large_image","twitter_misc":{"Escrito por":"apaccha"},"schema":{"@context":"https:\/\/schema.org","@graph":[{"@type":"Article","@id":"https:\/\/paccha.gob.ec\/azuay\/noticia-3\/#article","isPartOf":{"@id":"https:\/\/paccha.gob.ec\/azuay\/noticia-3\/"},"author":{"name":"apaccha","@id":"https:\/\/paccha.gob.ec\/azuay\/#\/schema\/person\/1b924467425b3879611b2f92269ec68d"},"headline":"Noticia 3","datePublished":"2010-10-14T03:39:42+00:00","dateModified":"2014-11-12T22:31:10+00:00","mainEntityOfPage":{"@id":"https:\/\/paccha.gob.ec\/azuay\/noticia-3\/"},"wordCount":42,"publisher":{"@id":"https:\/\/paccha.gob.ec\/azuay\/#organization"},"image":{"@id":"https:\/\/paccha.gob.ec\/azuay\/noticia-3\/#primaryimage"},"thumbnailUrl":"https:\/\/paccha.gob.ec\/azuay\/wp-content\/uploads\/2012\/10\/cne_manabi.jpg","articleSection":["Gadgets"],"inLanguage":"es"},{"@type":"WebPage","@id":"https:\/\/paccha.gob.ec\/azuay\/noticia-3\/","url":"https:\/\/paccha.gob.ec\/azuay\/noticia-3\/","name":"Noticia 3 - GAD Parroquial de Paccha","isPartOf":{"@id":"https:\/\/paccha.gob.ec\/azuay\/#website"},"primaryImageOfPage":{"@id":"https:\/\/paccha.gob.ec\/azuay\/noticia-3\/#primaryimage"},"image":{"@id":"https:\/\/paccha.gob.ec\/azuay\/noticia-3\/#primaryimage"},"thumbnailUrl":"https:\/\/paccha.gob.ec\/azuay\/wp-content\/uploads\/2012\/10\/cne_manabi.jpg","datePublished":"2010-10-14T03:39:42+00:00","dateModified":"2014-11-12T22:31:10+00:00","breadcrumb":{"@id":"https:\/\/paccha.gob.ec\/azuay\/noticia-3\/#breadcrumb"},"inLanguage":"es","potentialAction":[{"@type":"ReadAction","target":["https:\/\/paccha.gob.ec\/azuay\/noticia-3\/"]}]},{"@type":"ImageObject","inLanguage":"es","@id":"https:\/\/paccha.gob.ec\/azuay\/noticia-3\/#primaryimage","url":"https:\/\/paccha.gob.ec\/azuay\/wp-content\/uploads\/2012\/10\/cne_manabi.jpg","contentUrl":"https:\/\/paccha.gob.ec\/azuay\/wp-content\/uploads\/2012\/10\/cne_manabi.jpg","width":1024,"height":682,"caption":"cne_manabi"},{"@type":"BreadcrumbList","@id":"https:\/\/paccha.gob.ec\/azuay\/noticia-3\/#breadcrumb","itemListElement":[{"@type":"ListItem","position":1,"name":"Home","item":"https:\/\/paccha.gob.ec\/azuay\/"},{"@type":"ListItem","position":2,"name":"Noticia 3"}]},{"@type":"WebSite","@id":"https:\/\/paccha.gob.ec\/azuay\/#website","url":"https:\/\/paccha.gob.ec\/azuay\/","name":"GAD Parroquial de Paccha","description":"Sitio Oficial del GAD Parroquial Paccha Azuay","publisher":{"@id":"https:\/\/paccha.gob.ec\/azuay\/#organization"},"potentialAction":[{"@type":"SearchAction","target":{"@type":"EntryPoint","urlTemplate":"https:\/\/paccha.gob.ec\/azuay\/?s={search_term_string}"},"query-input":{"@type":"PropertyValueSpecification","valueRequired":true,"valueName":"search_term_string"}}],"inLanguage":"es"},{"@type":"Organization","@id":"https:\/\/paccha.gob.ec\/azuay\/#organization","name":"GAD parroquial de Paccha","url":"https:\/\/paccha.gob.ec\/azuay\/","logo":{"@type":"ImageObject","inLanguage":"es","@id":"https:\/\/paccha.gob.ec\/azuay\/#\/schema\/logo\/image\/","url":"https:\/\/paccha.gob.ec\/azuay\/wp-content\/uploads\/2020\/06\/logoFooter.png","contentUrl":"https:\/\/paccha.gob.ec\/azuay\/wp-content\/uploads\/2020\/06\/logoFooter.png","width":200,"height":150,"caption":"GAD parroquial de Paccha"},"image":{"@id":"https:\/\/paccha.gob.ec\/azuay\/#\/schema\/logo\/image\/"}},{"@type":"Person","@id":"https:\/\/paccha.gob.ec\/azuay\/#\/schema\/person\/1b924467425b3879611b2f92269ec68d","name":"apaccha","image":{"@type":"ImageObject","inLanguage":"es","@id":"https:\/\/paccha.gob.ec\/azuay\/#\/schema\/person\/image\/","url":"https:\/\/secure.gravatar.com\/avatar\/4849cead80a540a505e4f16b1e4cbabb?s=96&d=mm&r=g","contentUrl":"https:\/\/secure.gravatar.com\/avatar\/4849cead80a540a505e4f16b1e4cbabb?s=96&d=mm&r=g","caption":"apaccha"},"url":"https:\/\/paccha.gob.ec\/azuay\/author\/apaccha\/"}]}},"_links":{"self":[{"href":"https:\/\/paccha.gob.ec\/azuay\/wp-json\/wp\/v2\/posts\/170","targetHints":{"allow":["GET"]}}],"collection":[{"href":"https:\/\/paccha.gob.ec\/azuay\/wp-json\/wp\/v2\/posts"}],"about":[{"href":"https:\/\/paccha.gob.ec\/azuay\/wp-json\/wp\/v2\/types\/post"}],"author":[{"embeddable":true,"href":"https:\/\/paccha.gob.ec\/azuay\/wp-json\/wp\/v2\/users\/6"}],"replies":[{"embeddable":true,"href":"https:\/\/paccha.gob.ec\/azuay\/wp-json\/wp\/v2\/comments?post=170"}],"version-history":[{"count":1,"href":"https:\/\/paccha.gob.ec\/azuay\/wp-json\/wp\/v2\/posts\/170\/revisions"}],"predecessor-version":[{"id":200,"href":"https:\/\/paccha.gob.ec\/azuay\/wp-json\/wp\/v2\/posts\/170\/revisions\/200"}],"wp:featuredmedia":[{"embeddable":true,"href":"https:\/\/paccha.gob.ec\/azuay\/wp-json\/wp\/v2\/media\/169"}],"wp:attachment":[{"href":"https:\/\/paccha.gob.ec\/azuay\/wp-json\/wp\/v2\/media?parent=170"}],"wp:term":[{"taxonomy":"category","embeddable":true,"href":"https:\/\/paccha.gob.ec\/azuay\/wp-json\/wp\/v2\/categories?post=170"},{"taxonomy":"post_tag","embeddable":true,"href":"https:\/\/paccha.gob.ec\/azuay\/wp-json\/wp\/v2\/tags?post=170"}],"curies":[{"name":"wp","href":"https:\/\/api.w.org\/{rel}","templated":true}]}}